{"id":12807,"date":"2019-05-13T15:24:51","date_gmt":"2019-05-13T13:24:51","guid":{"rendered":"http:\/\/www.tusferndorf-tischtennis.de\/?p=12807"},"modified":"2019-05-13T15:24:51","modified_gmt":"2019-05-13T13:24:51","slug":"bezirksranglisten-qualifikation-nachwuchs-menden","status":"publish","type":"post","link":"https:\/\/tusferndorf-tischtennis.de\/?p=12807","title":{"rendered":"Bezirksranglisten Qualifikation Nachwuchs &#8211; Menden"},"content":{"rendered":"<p><figure id=\"attachment_12824\" aria-describedby=\"caption-attachment-12824\" style=\"width: 300px\" class=\"wp-caption alignleft\"><a href=\"http:\/\/madebyme.ddns.net\/wp-content\/uploads\/2019\/05\/DSC01913.jpg\"><img loading=\"lazy\" decoding=\"async\" class=\"wp-image-12824 size-medium\" src=\"http:\/\/www.ben-cms.de\/web005\/wp-content\/uploads\/2019\/05\/DSC01913-300x200.jpg\" alt=\"\" width=\"300\" height=\"200\" \/><\/a><figcaption id=\"caption-attachment-12824\" class=\"wp-caption-text\">Mick Fionn St\u00f6tzel bei seiner ersten Bezirksranglistenqualifikation.<\/figcaption><\/figure><br \/>\nAm vergangenen Wochenende fanden die Qualifikationsspiele der Bezirksrangliste des Bezirk Arnsberg in Menden statt. Eine kleine Auswahl an TuS Nachwuchsspielern hatte sich hierf\u00fcr bei der Kreisrangliste im April qualifiziert und versuchte sich nun auf dem n\u00e4chsten Level mit den anderen Kreisen zu messen. (Bilder zur Vergr\u00f6\u00dferung bitte anklicken)<br \/>\n&nbsp;<br \/>\n&nbsp;<br \/>\n&nbsp;<br \/>\n&nbsp;<br \/>\n<!--more--><br \/>\nAn zwei Tagen traten die Spieler und Spielerinnen in ihren jeweiligen Altersklassen an, um sich f\u00fcr die Endrangliste am kommenden Wochenende in B\u00f6nen zu qualifizieren.<br \/>\nDen Anfang am Samstag machten die j\u00fcngsten Teilnehmer des TuS, <strong>Konstantin Ortius und <a href=\"http:\/\/madebyme.ddns.net\/wp-content\/uploads\/2019\/05\/DSC01905-e1557751546863.jpg\"><img loading=\"lazy\" decoding=\"async\" class=\"alignright wp-image-12811 size-medium\" src=\"http:\/\/www.ben-cms.de\/web005\/wp-content\/uploads\/2019\/05\/DSC01905-e1557751546863-300x200.jpg\" alt=\"\" width=\"300\" height=\"200\" \/><\/a>Mick Fionn St\u00f6tzel<\/strong>, in der Klasse Jungen 11 (fr\u00fcher Sch\u00fcler C). Konstantin kam schwer in das Turnier rein, konnte sich aber im Laufe der Zeit vor allem spielerisch steigern, musste sich nach 3 knapperen Spielen und einer deutlichen Niederlage gegen den Gruppenkopf am Ende aus dem Turnier verabschieden. Nat\u00fcrlich war Konstantin entt\u00e4uscht, aber diese Erfahrungen werden ihm sicher f\u00fcr die Zukunft helfen.<br \/>\nBei seiner ersten Bezirksrangliste galt es f\u00fcr den erst 7- j\u00e4hrigen Mick Fionn St\u00f6tzel zun\u00e4chst Erfahrungen zu sammeln und sich an das Niveau auf Bezirksebene zu gew\u00f6hnen. Dies gelang ihm von Beginn an sehr gut. Er gewann in seiner 6er Gruppe die ersten 4 Spiele und qualifizierte sich somit f\u00fcr die Zwischenrunde. Nur sein letztes Gruppenspiel, gleichzeitig sein spielerisch bestes der Vorrunde, musste er <img loading=\"lazy\" decoding=\"async\" class=\"size-medium wp-image-12813 alignleft\" src=\"http:\/\/www.ben-cms.de\/web005\/wp-content\/uploads\/2019\/05\/DSC01914-300x200.jpg\" alt=\"\" width=\"300\" height=\"200\" \/>knapp in 5 S\u00e4tzen an den Gruppenkopf aus Lippstadt abgeben. Somit nahm er 1 Sieg und 1 Niederlage in die Zwischenrunde mit, in der erneut in 2 Sechser- Gruppen die endg\u00fcltigen Platzierungen ausgespielt wurden, welche am Ende f\u00fcr die Qualifikation entscheidend sind. Mick Fionn verlor seine ersten beiden Spiele denkbar knapp, konnte sein letztes Spiel dann im 5. Satz gewinnen und sicherte sich damit den insgesamt 10. Platz in der Rangliste. Nach ein wenig Ungewissheit bez\u00fcglich der Platzierungen, die f\u00fcr die Endrangliste reichen w\u00fcrden, stand am Ende dann fest, dass er knapp den Sprung zur Endrangliste geschafft hatte, <strong>herzlichen Gl\u00fcckwunsch!<\/strong><br \/>\nF\u00fcr die gleichzeitig stattfindende Jugend 15 Klasse (fr\u00fcher Sch\u00fclerInnen A) hatte sich kein Ferndorfer qualifiziert, allerdings wurde <strong>Jana Bald<\/strong> f\u00fcr die M\u00e4dchen 15 Klasse (und auch die M\u00e4dchen 18 Klasse) bis zur Endrangliste freigestellt.<br \/>\nAm Sonntag fanden dann die Jugend 13 (Sch\u00fcler B) und die Jugend 18 (Jungen) Klassen statt. Bei den Jugend<a href=\"http:\/\/madebyme.ddns.net\/wp-content\/uploads\/2019\/05\/DSC01978.jpg\"><img loading=\"lazy\" decoding=\"async\" class=\"alignright wp-image-12821 size-medium\" src=\"http:\/\/www.ben-cms.de\/web005\/wp-content\/uploads\/2019\/05\/DSC01978-300x200.jpg\" alt=\"\" width=\"300\" height=\"200\" \/><\/a> 18 ging <strong>Leon Bender<\/strong> nach seinem Kreisranglisten Triumph an den Start, musste aber schnell erfahren, dass das Niveau auf Bezirksebene deutlich h\u00f6her war. In seiner 6er Gruppe fand auch er erst langsam ins Turnier. Nach einer deutlichen Auftaktniederlage lieferte er ein sehr gutes Spiel gegen den in der Gruppe an Position 1 gesetzten ab, nahm ihm einen Satz ab und brachte ihn durchaus in Bedr\u00e4ngnis. Das 3. Spiel musste er auch mit 3:1 abgeben und hatte in diesem leider mal wieder das Gl\u00fcck nicht auf seiner Seite, sonst w\u00e4re durchaus mehr drin gewesen. Spielerisch war Leon nun aber richtig angekommen und im 4. Spiel konnte er dann seinen ersten Sieg mit 3:0 deutlich einfahren. Zum Abschluss spielte er eine tolle Partie gegen Toni Santolaya Wu, in der er bereits mit 2:0 S\u00e4tzen f\u00fchrte, das Spiel aber letzten Endes nicht \u00fcber die Ziellinie bringen konnte. Trotz des 5. Platz in der Gruppe, kann er zufrieden mit dem Gro\u00dfteil seiner spielerischen Leistung sein.<br \/>\nB<a href=\"http:\/\/madebyme.ddns.net\/wp-content\/uploads\/2019\/05\/DSC01956-e1557752013276.jpg\"><img loading=\"lazy\" decoding=\"async\" class=\"alignleft wp-image-12817 size-medium\" src=\"http:\/\/www.ben-cms.de\/web005\/wp-content\/uploads\/2019\/05\/DSC01956-e1557752013276-300x209.jpg\" alt=\"\" width=\"300\" height=\"209\" \/><\/a>ei den Jungen 13 nahmen <strong>Luis Dercho und Johann Heider<\/strong> als 1. und 4. der Kreisrangliste teil. Auch hier merkten die Jungs schnell, dass das Niveau deutlich h\u00f6her als auf Kreisebene ist. Johann verlor sein erstes Spiel knapp und konnte insgesamt 1 Sieg in seiner 5er Gruppe erspielen. Damit schied er als 4. der Gruppe aus dem Turnier aus. Luis wirkte im ersten Spiel nerv\u00f6s und kam nicht wirklich in die Partie gegen einen sehr sicheren Gegner. Nach dieser Niederlage holte er sich das n\u00e4chste Spiel bevor er sich erneut gegen einen sehr gut aufspielenden Gegner geschlagen geben musste. Den<a href=\"http:\/\/madebyme.ddns.net\/wp-content\/uploads\/2019\/05\/DSC01985.jpg\"><img loading=\"lazy\" decoding=\"async\" class=\"alignright wp-image-12822 size-medium\" src=\"http:\/\/www.ben-cms.de\/web005\/wp-content\/uploads\/2019\/05\/DSC01985-300x200.jpg\" alt=\"\" width=\"300\" height=\"200\" \/><\/a>noch war Luis nun spielerisch angekommen, zeigte eine gute Leistung gegen den Gruppenkopf, musste sich aber auch gegen ihn geschlagen geben. Zum Abschluss spielte er noch einmal ein tolles Spiel und konnte dieses f\u00fcr sich entscheiden. Mit 2:3 Spielen wurde auch er 4. in der Endabrechnung und schaffte es somit leider auch nicht in die Zwischenrunde. Nach den Erfolgen bei der Kreisrangliste hatten Luis und Johann sich etwas mehr erhofft und waren \u00fcber ihre Platzierungen entt\u00e4uscht, aber spielerisch sind ihre gezeigten Leistungen wesentlich h\u00f6her einzusch\u00e4tzen.<br \/>\n<strong>Hier weitere Bilder vom Wochenende (zur Vergr\u00f6\u00dferung bitte anklicken):<\/strong><br \/>\n&nbsp;<br \/>\n<a href=\"http:\/\/madebyme.ddns.net\/wp-content\/uploads\/2019\/05\/ab170151-ef47-4079-acce-97a36f8ec50e.jpg\"><img loading=\"lazy\" decoding=\"async\" class=\"alignnone wp-image-12809 size-medium\" src=\"http:\/\/www.ben-cms.de\/web005\/wp-content\/uploads\/2019\/05\/ab170151-ef47-4079-acce-97a36f8ec50e-300x225.jpg\" alt=\"\" width=\"300\" height=\"225\" \/><\/a> <a href=\"http:\/\/madebyme.ddns.net\/wp-content\/uploads\/2019\/05\/DSC01904.jpg\"><img loading=\"lazy\" decoding=\"async\" class=\"alignnone wp-image-12810 size-medium\" src=\"http:\/\/www.ben-cms.de\/web005\/wp-content\/uploads\/2019\/05\/DSC01904-300x200.jpg\" alt=\"\" width=\"300\" height=\"200\" \/><\/a>\u00a0 <a href=\"http:\/\/madebyme.ddns.net\/wp-content\/uploads\/2019\/05\/DSC01907.jpg\"><img loading=\"lazy\" decoding=\"async\" class=\"alignnone wp-image-12812 size-medium\" src=\"http:\/\/www.ben-cms.de\/web005\/wp-content\/uploads\/2019\/05\/DSC01907-300x200.jpg\" alt=\"\" width=\"300\" height=\"200\" \/><\/a> <a href=\"http:\/\/madebyme.ddns.net\/wp-content\/uploads\/2019\/05\/DSC01934.jpg\"><img loading=\"lazy\" decoding=\"async\" class=\"alignnone wp-image-12814 size-medium\" src=\"http:\/\/www.ben-cms.de\/web005\/wp-content\/uploads\/2019\/05\/DSC01934-300x200.jpg\" alt=\"\" width=\"300\" height=\"200\" \/><\/a> <a href=\"http:\/\/madebyme.ddns.net\/wp-content\/uploads\/2019\/05\/DSC01947.jpg\"><img loading=\"lazy\" decoding=\"async\" class=\"alignnone wp-image-12815 size-medium\" src=\"http:\/\/www.ben-cms.de\/web005\/wp-content\/uploads\/2019\/05\/DSC01947-300x200.jpg\" alt=\"\" width=\"300\" height=\"200\" \/><\/a> <a href=\"http:\/\/madebyme.ddns.net\/wp-content\/uploads\/2019\/05\/DSC01961.jpg\"><img loading=\"lazy\" decoding=\"async\" class=\"alignnone wp-image-12818 size-medium\" src=\"http:\/\/www.ben-cms.de\/web005\/wp-content\/uploads\/2019\/05\/DSC01961-300x200.jpg\" alt=\"\" width=\"300\" height=\"200\" \/><\/a> <a href=\"http:\/\/madebyme.ddns.net\/wp-content\/uploads\/2019\/05\/DSC01963.jpg\"><img loading=\"lazy\" decoding=\"async\" class=\"alignnone wp-image-12819 size-medium\" src=\"http:\/\/www.ben-cms.de\/web005\/wp-content\/uploads\/2019\/05\/DSC01963-300x200.jpg\" alt=\"\" width=\"300\" height=\"200\" \/><\/a> <a href=\"http:\/\/madebyme.ddns.net\/wp-content\/uploads\/2019\/05\/DSC01976.jpg\"><img loading=\"lazy\" decoding=\"async\" class=\"alignnone wp-image-12820 size-medium\" src=\"http:\/\/www.ben-cms.de\/web005\/wp-content\/uploads\/2019\/05\/DSC01976-300x200.jpg\" alt=\"\" width=\"300\" height=\"200\" \/><\/a> <a href=\"http:\/\/madebyme.ddns.net\/wp-content\/uploads\/2019\/05\/DSC01989.jpg\"><img loading=\"lazy\" decoding=\"async\" class=\"alignnone wp-image-12823 size-medium\" src=\"http:\/\/www.ben-cms.de\/web005\/wp-content\/uploads\/2019\/05\/DSC01989-300x200.jpg\" alt=\"\" width=\"300\" height=\"200\" \/><\/a><br \/>\n&nbsp;<br \/>\n&nbsp;<br \/>\n&nbsp;<br \/>\n&nbsp;<\/p>\n","protected":false},"excerpt":{"rendered":"<p>Am vergangenen Wochenende fanden die Qualifikationsspiele der Bezirksrangliste des Bezirk Arnsberg in Menden statt. Eine kleine Auswahl an TuS Nachwuchsspielern hatte sich hierf\u00fcr bei der Kreisrangliste im April qualifiziert und &hellip; <\/p>\n<p class=\"link-more\"><a href=\"https:\/\/tusferndorf-tischtennis.de\/?p=12807\" class=\"more-link\"><span class=\"screen-reader-text\">\u201eBezirksranglisten Qualifikation Nachwuchs &#8211; Menden\u201c<\/span> weiterlesen<\/a><\/p>\n","protected":false},"author":4,"featured_media":0,"comment_status":"open","ping_status":"open","sticky":false,"template":"","format":"standard","meta":{"footnotes":""},"categories":[2],"tags":[],"class_list":["post-12807","post","type-post","status-publish","format-standard","hentry","category-allgemein"],"_links":{"self":[{"href":"https:\/\/tusferndorf-tischtennis.de\/index.php?rest_route=\/wp\/v2\/posts\/12807","targetHints":{"allow":["GET"]}}],"collection":[{"href":"https:\/\/tusferndorf-tischtennis.de\/index.php?rest_route=\/wp\/v2\/posts"}],"about":[{"href":"https:\/\/tusferndorf-tischtennis.de\/index.php?rest_route=\/wp\/v2\/types\/post"}],"author":[{"embeddable":true,"href":"https:\/\/tusferndorf-tischtennis.de\/index.php?rest_route=\/wp\/v2\/users\/4"}],"replies":[{"embeddable":true,"href":"https:\/\/tusferndorf-tischtennis.de\/index.php?rest_route=%2Fwp%2Fv2%2Fcomments&post=12807"}],"version-history":[{"count":0,"href":"https:\/\/tusferndorf-tischtennis.de\/index.php?rest_route=\/wp\/v2\/posts\/12807\/revisions"}],"wp:attachment":[{"href":"https:\/\/tusferndorf-tischtennis.de\/index.php?rest_route=%2Fwp%2Fv2%2Fmedia&parent=12807"}],"wp:term":[{"taxonomy":"category","embeddable":true,"href":"https:\/\/tusferndorf-tischtennis.de\/index.php?rest_route=%2Fwp%2Fv2%2Fcategories&post=12807"},{"taxonomy":"post_tag","embeddable":true,"href":"https:\/\/tusferndorf-tischtennis.de\/index.php?rest_route=%2Fwp%2Fv2%2Ftags&post=12807"}],"curies":[{"name":"wp","href":"https:\/\/api.w.org\/{rel}","templated":true}]}}