{"id":7779,"date":"2017-03-27T15:01:53","date_gmt":"2017-03-27T13:01:53","guid":{"rendered":"http:\/\/www.tusferndorf-tischtennis.de\/?p=7779"},"modified":"2017-03-27T15:01:53","modified_gmt":"2017-03-27T13:01:53","slug":"jana-bald-bei-jahreshauptversammlung-geehrt","status":"publish","type":"post","link":"https:\/\/tusferndorf-tischtennis.de\/?p=7779","title":{"rendered":"Jana Bald bei Jahreshauptversammlung geehrt"},"content":{"rendered":"<p><img loading=\"lazy\" decoding=\"async\" class=\"wp-image-7780 alignleft\" src=\"http:\/\/www.ben-cms.de\/web005\/wp-content\/uploads\/2017\/03\/DSC_0134-e1490619549655-1024x994.jpg\" alt=\"\" width=\"324\" height=\"314\"><br \/>\nAm vergangenen Freitagabend fand die allj\u00e4hrliche Jahreshauptversammlung des Gesamtvereins im Gemeindehaus in Ferndorf statt. Unter den ca. 100 versammelten Mitgliedern und G\u00e4sten&nbsp; befand sich auch diesmal eine kleine Gruppe der Tischtennisabteilung. Neben einigen interessanten Themen rund um den Verein und der anstehenden 950 Jahrfeier des Dorfes, wartete die Gruppe mit Vorfreude auf die diesj\u00e4hrigen Ehrungen f\u00fcr \u201eBesondere Leistungen\u201c.<br \/>\n&nbsp;<br \/>\n&nbsp;<br \/>\n<!--more--><br \/>\n&nbsp;<br \/>\nNachdem die 1. Herrenmannschaft vor 2 Jahren f\u00fcr ihren Aufstieg in die Landesliga geehrt wurde, wurde nun unsere j\u00fcngste Nachwuchsspielerin f\u00fcr ihre besonderen Leistungen und Erfolge des vergangenen Jahres&nbsp; geehrt. Sichtlich aufgeregt und stolz lauschte&nbsp; Jana Bald nochmals ihren sportlichen Erfolgen um dann unter Beifall der anwesenden G\u00e4ste die Gl\u00fcckw\u00fcnsche des Vorstandsvorsitzenden Frank B\u00f6cking entgegen zu nehmen. Es waren viele Momente, verbunden mit vielen Erinnerungen die Jana mit ihren 11 Jahren in den letzten Wochen und Monaten erlebt hat. Neben zahlreichen Erfolgen und Platzierung bei Kreis- und Bezirksranglisten, sticht sicherlich der 16. Platz (3. Platz in ihrem Jahrgang) beim WTTV Ranglisten- Top 24- Turnier und ihre Teilnahme beim DTTB Andro Future Cup 2016, bei welchem sie als eine der 4 besten B- Sch\u00fclerinnen des WTTV mit ihrer Mannschaft den 5. Platz erreichen konnte, heraus. Des Weiteren nimmt sie mittlerweile regelm\u00e4\u00dfig an Vorkader- und Kader- Lehrg\u00e4ngen ihrer Altersklasse des WTTV teil und eine Einladung zum F\u00fcnf- L\u00e4nder- Vergleichskampf im Juni diesen Jahres landete auch schon in Jana&#8217;s Briefkasten.<br \/>\nAuch wenn die n\u00e4chsten Aufgaben schon vor der T\u00fcr stehen, m\u00f6chten wir an dieser Stelle Jana zu diesen tollen Erfolgen nochmals unsere herzlichsten Gl\u00fcckw\u00fcnsche \u00fcbermitteln \u2013 Wir sind stolz auf dich!<\/p>\n","protected":false},"excerpt":{"rendered":"<p>Am vergangenen Freitagabend fand die allj\u00e4hrliche Jahreshauptversammlung des Gesamtvereins im Gemeindehaus in Ferndorf statt. Unter den ca. 100 versammelten Mitgliedern und G\u00e4sten&nbsp; befand sich auch diesmal eine kleine Gruppe der &hellip; <\/p>\n<p class=\"link-more\"><a href=\"https:\/\/tusferndorf-tischtennis.de\/?p=7779\" class=\"more-link\"><span class=\"screen-reader-text\">\u201eJana Bald bei Jahreshauptversammlung geehrt\u201c<\/span> weiterlesen<\/a><\/p>\n","protected":false},"author":4,"featured_media":0,"comment_status":"open","ping_status":"open","sticky":false,"template":"","format":"standard","meta":{"footnotes":""},"categories":[2],"tags":[],"class_list":["post-7779","post","type-post","status-publish","format-standard","hentry","category-allgemein"],"_links":{"self":[{"href":"https:\/\/tusferndorf-tischtennis.de\/index.php?rest_route=\/wp\/v2\/posts\/7779","targetHints":{"allow":["GET"]}}],"collection":[{"href":"https:\/\/tusferndorf-tischtennis.de\/index.php?rest_route=\/wp\/v2\/posts"}],"about":[{"href":"https:\/\/tusferndorf-tischtennis.de\/index.php?rest_route=\/wp\/v2\/types\/post"}],"author":[{"embeddable":true,"href":"https:\/\/tusferndorf-tischtennis.de\/index.php?rest_route=\/wp\/v2\/users\/4"}],"replies":[{"embeddable":true,"href":"https:\/\/tusferndorf-tischtennis.de\/index.php?rest_route=%2Fwp%2Fv2%2Fcomments&post=7779"}],"version-history":[{"count":0,"href":"https:\/\/tusferndorf-tischtennis.de\/index.php?rest_route=\/wp\/v2\/posts\/7779\/revisions"}],"wp:attachment":[{"href":"https:\/\/tusferndorf-tischtennis.de\/index.php?rest_route=%2Fwp%2Fv2%2Fmedia&parent=7779"}],"wp:term":[{"taxonomy":"category","embeddable":true,"href":"https:\/\/tusferndorf-tischtennis.de\/index.php?rest_route=%2Fwp%2Fv2%2Fcategories&post=7779"},{"taxonomy":"post_tag","embeddable":true,"href":"https:\/\/tusferndorf-tischtennis.de\/index.php?rest_route=%2Fwp%2Fv2%2Ftags&post=7779"}],"curies":[{"name":"wp","href":"https:\/\/api.w.org\/{rel}","templated":true}]}}